{"id":832,"date":"2020-10-12T12:58:27","date_gmt":"2020-10-12T10:58:27","guid":{"rendered":"http:\/\/ph-rdc.org\/?p=832"},"modified":"2020-10-12T12:58:27","modified_gmt":"2020-10-12T10:58:27","slug":"formation-des-dhopitaux-dans-la-gestion-dune-crise-sanitaire-cas-de-covid-19","status":"publish","type":"post","link":"https:\/\/ph-rdc.org\/index.php\/formation-des-dhopitaux-dans-la-gestion-dune-crise-sanitaire-cas-de-covid-19\/","title":{"rendered":"Formation des d\u2019h\u00f4pitaux dans la gestion d\u2019une crise sanitaire, cas de Covid-19"},"content":{"rendered":"<p>Juste apr\u00e8s le lancement officiel des activit\u00e9s du projet PROMEKIN II, la PH-RDC a organis\u00e9 la formation des cadres des h\u00f4pitaux de Kinshasa sur la gestion d\u2019une crise sanitaire, cas de la Covid-19<\/p>\n<p>Pendant 5 jours, du 04 au 08 ao\u00fbt 2020, une trentaine des participants (m\u00e9decins directeurs, m\u00e9decins chefs de staff, administrateurs gestionnaires, responsables de Nursing, etc. \u2026) ont marqu\u00e9 de leur pr\u00e9sence active les diff\u00e9rentes phases de cette formation. La formation a \u00e9t\u00e9 facilit\u00e9e par un groupe des personnes ressources exp\u00e9riment\u00e9es, avec une dynamique d\u2019\u00e9changes fluide avec les participants. La formation avait combin\u00e9 les techniques de pr\u00e9sentation PPT, des exercices pratiques, des d\u00e9monstrations (particuli\u00e8rement pour le chapitre sur le port des EPI), des t\u00e9moignages ainsi qu\u2019une visite guid\u00e9e dans un Centre de Traitement Covid-19. Chaque d\u00e9l\u00e9gation de l\u2019h\u00f4pital a eu \u00e0 \u00e9laborer un premier draft de son plan de contingence pour la gestion de la crise Covid-19 et l\u2019a d\u00e9fendu en pl\u00e9ni\u00e8re pour profiter du feed back des pairs. Le travail devra \u00eatre finalis\u00e9 dans chaque h\u00f4pital et pourra servir pour la mobilisation interne et externe des ressources. Les participants en sont sortis tr\u00e8s satisfaits, suivant les notes et commentaires des \u00e9valuations journali\u00e8res, ainsi que des t\u00e9moignages recueillis aupr\u00e8s de certains d\u2019entre \u2019eux.<\/p>\n","protected":false},"excerpt":{"rendered":"<p>Juste apr\u00e8s le lancement officiel des activit\u00e9s du projet PROMEKIN II, la PH-RDC a organis\u00e9 la formation des cadres des h\u00f4pitaux de Kinshasa sur la gestion d\u2019une crise sanitaire, cas de la Covid-19 Pendant 5 jours, du 04 au 08 ao\u00fbt 2020, une trentaine des participants (m\u00e9decins directeurs, m\u00e9decins chefs de staff, administrateurs gestionnaires, responsables&#8230; <\/p>\n","protected":false},"author":1,"featured_media":0,"comment_status":"open","ping_status":"open","sticky":false,"template":"","format":"standard","meta":{"sfsi_plus_gutenberg_text_before_share":"","sfsi_plus_gutenberg_show_text_before_share":"","sfsi_plus_gutenberg_icon_type":"","sfsi_plus_gutenberg_icon_alignemt":"","sfsi_plus_gutenburg_max_per_row":"","footnotes":""},"categories":[2,7],"tags":[],"class_list":["post-832","post","type-post","status-publish","format-standard","hentry","category-actualites","category-formation"],"_links":{"self":[{"href":"https:\/\/ph-rdc.org\/index.php\/wp-json\/wp\/v2\/posts\/832","targetHints":{"allow":["GET"]}}],"collection":[{"href":"https:\/\/ph-rdc.org\/index.php\/wp-json\/wp\/v2\/posts"}],"about":[{"href":"https:\/\/ph-rdc.org\/index.php\/wp-json\/wp\/v2\/types\/post"}],"author":[{"embeddable":true,"href":"https:\/\/ph-rdc.org\/index.php\/wp-json\/wp\/v2\/users\/1"}],"replies":[{"embeddable":true,"href":"https:\/\/ph-rdc.org\/index.php\/wp-json\/wp\/v2\/comments?post=832"}],"version-history":[{"count":1,"href":"https:\/\/ph-rdc.org\/index.php\/wp-json\/wp\/v2\/posts\/832\/revisions"}],"predecessor-version":[{"id":833,"href":"https:\/\/ph-rdc.org\/index.php\/wp-json\/wp\/v2\/posts\/832\/revisions\/833"}],"wp:attachment":[{"href":"https:\/\/ph-rdc.org\/index.php\/wp-json\/wp\/v2\/media?parent=832"}],"wp:term":[{"taxonomy":"category","embeddable":true,"href":"https:\/\/ph-rdc.org\/index.php\/wp-json\/wp\/v2\/categories?post=832"},{"taxonomy":"post_tag","embeddable":true,"href":"https:\/\/ph-rdc.org\/index.php\/wp-json\/wp\/v2\/tags?post=832"}],"curies":[{"name":"wp","href":"https:\/\/api.w.org\/{rel}","templated":true}]}}