{"id":308,"date":"2019-09-23T16:52:12","date_gmt":"2019-09-23T14:52:12","guid":{"rendered":"https:\/\/ph-rdc.org\/?p=308"},"modified":"2019-09-23T16:52:12","modified_gmt":"2019-09-23T14:52:12","slug":"lhopital-general-de-reference-sainte-julie-billiart-de-ngidinga","status":"publish","type":"post","link":"https:\/\/ph-rdc.org\/index.php\/lhopital-general-de-reference-sainte-julie-billiart-de-ngidinga\/","title":{"rendered":"L\u2019HOPITAL GENERAL DE REFERENCE SAINTE JULIE BILLIART DE NGIDINGA"},"content":{"rendered":"<p>L\u2019h\u00f4pital est dirig\u00e9 par le comit\u00e9 directeur qui r\u00e9pond de l\u2019\u00e9quipe cadre de la Zone ainsi que du Comit\u00e9 de gestion de la Zone et du conseil d\u2019administration pr\u00e9sid\u00e9 par chef de Division Provinciale de la Sant\u00e9.<\/p>\n<p>Formation m\u00e9dicale confessionnelle, l\u2019h\u00f4pital Sainte Julie Billiart appartient \u00e0 la Congr\u00e9gation des S\u0153urs de Notre Dame de Namur et g\u00e9r\u00e9 par la coordination des \u0153uvres m\u00e9dicales de ladite congr\u00e9gation est rand compte au\u00a0 BDOM Kisantu.<\/p>\n<p><strong>Statistiques<\/strong><\/p>\n<p><strong>\u00a0<\/strong>L\u2019h\u00f4pital g\u00e9n\u00e9ral de r\u00e9f\u00e9rence a un taux d\u2019occupation des lits de 120% en 2018, le service de la p\u00e9diatrie et de la maternit\u00e9 sont les plus utilis\u00e9s,\u00a0 655 accouchements ont \u00e9t\u00e9 enregistr\u00e9 en 2018 parmi lesquels 171 c\u00e9sariennes.<\/p>\n<p><strong>\u00a0<\/strong><strong>PEH<\/strong><\/p>\n<p>Les bonnes conditions de l\u2019Hygi\u00e8ne Hospitali\u00e8re, conditions essentielles dans la pr\u00e9vention des infections nosocomiales tant chez les malades que chez le personnel, sont une des priorit\u00e9s de l\u2019H\u00f4pital<\/p>\n<p>&nbsp;<\/p>\n","protected":false},"excerpt":{"rendered":"<p>L\u2019h\u00f4pital est dirig\u00e9 par le comit\u00e9 directeur qui r\u00e9pond de l\u2019\u00e9quipe cadre de la Zone ainsi que du Comit\u00e9 de gestion de la Zone et du conseil d\u2019administration pr\u00e9sid\u00e9 par chef de Division Provinciale de la Sant\u00e9. Formation m\u00e9dicale confessionnelle, l\u2019h\u00f4pital Sainte Julie Billiart appartient \u00e0 la Congr\u00e9gation des S\u0153urs de Notre Dame de Namur&#8230; <\/p>\n","protected":false},"author":1,"featured_media":0,"comment_status":"open","ping_status":"open","sticky":false,"template":"","format":"standard","meta":{"sfsi_plus_gutenberg_text_before_share":"","sfsi_plus_gutenberg_show_text_before_share":"","sfsi_plus_gutenberg_icon_type":"","sfsi_plus_gutenberg_icon_alignemt":"","sfsi_plus_gutenburg_max_per_row":"","footnotes":""},"categories":[9],"tags":[],"class_list":["post-308","post","type-post","status-publish","format-standard","hentry","category-membres"],"_links":{"self":[{"href":"https:\/\/ph-rdc.org\/index.php\/wp-json\/wp\/v2\/posts\/308","targetHints":{"allow":["GET"]}}],"collection":[{"href":"https:\/\/ph-rdc.org\/index.php\/wp-json\/wp\/v2\/posts"}],"about":[{"href":"https:\/\/ph-rdc.org\/index.php\/wp-json\/wp\/v2\/types\/post"}],"author":[{"embeddable":true,"href":"https:\/\/ph-rdc.org\/index.php\/wp-json\/wp\/v2\/users\/1"}],"replies":[{"embeddable":true,"href":"https:\/\/ph-rdc.org\/index.php\/wp-json\/wp\/v2\/comments?post=308"}],"version-history":[{"count":1,"href":"https:\/\/ph-rdc.org\/index.php\/wp-json\/wp\/v2\/posts\/308\/revisions"}],"predecessor-version":[{"id":309,"href":"https:\/\/ph-rdc.org\/index.php\/wp-json\/wp\/v2\/posts\/308\/revisions\/309"}],"wp:attachment":[{"href":"https:\/\/ph-rdc.org\/index.php\/wp-json\/wp\/v2\/media?parent=308"}],"wp:term":[{"taxonomy":"category","embeddable":true,"href":"https:\/\/ph-rdc.org\/index.php\/wp-json\/wp\/v2\/categories?post=308"},{"taxonomy":"post_tag","embeddable":true,"href":"https:\/\/ph-rdc.org\/index.php\/wp-json\/wp\/v2\/tags?post=308"}],"curies":[{"name":"wp","href":"https:\/\/api.w.org\/{rel}","templated":true}]}}