{"id":290,"date":"2019-09-23T16:39:57","date_gmt":"2019-09-23T14:39:57","guid":{"rendered":"https:\/\/ph-rdc.org\/?p=290"},"modified":"2019-09-23T16:39:57","modified_gmt":"2019-09-23T14:39:57","slug":"hopital-general-de-reference-bominenge","status":"publish","type":"post","link":"https:\/\/ph-rdc.org\/index.php\/hopital-general-de-reference-bominenge\/","title":{"rendered":"HOPITAL GENERAL DE REFERENCE BOMINENGE"},"content":{"rendered":"<p>L\u2019h\u00f4pital g\u00e9n\u00e9ral de Bominenge a \u00e9t\u00e9 cr\u00e9\u00e9 en 2004 apr\u00e8s la\u00a0 scission de la Zone de Sant\u00e9 de Karawa (en 3 zones) lors du red\u00e9coupage sanitaire.<\/p>\n<p>En 2006, le centre de sant\u00e9 de r\u00e9f\u00e9rence qui \u00e9tait coordonn\u00e9 par les religieuses de Pr\u00e9sentation Notre Dame \u00e9tait transform\u00e9 en HGR de r\u00e9f\u00e9rence apr\u00e8s session de sa gestion au Bureau Dioc\u00e9sain des \u0152uvres M\u00e9dicales de Budjala. Cela avait permis de compl\u00e9ter le paquet compl\u00e9mentaire existant et d\u2019\u00e9largir le rayon d\u2019action de la structure de 5 km environ \u00e0\u00a0 25 km (toutes la ZS).<\/p>\n<p>L\u2019appui ponctuel de Memisa Belgique en Deux ans plus tard le centre de sant\u00e9 pilote est transform\u00e9 en h\u00f4pital g\u00e9n\u00e9ral de r\u00e9f\u00e9rence gr\u00e2ce \u00e0 l\u2019appui ponctuel de Memisa Belgique, pour r\u00e9pondre aux besoins de la population qui devrait aller au-del\u00e0 de 25km pour b\u00e9n\u00e9ficier d\u2019un paquet compl\u00e9mentaire\u00a0dans les h\u00f4pitaux envoisinant.<\/p>\n<p>Les activit\u00e9s de l\u2019h\u00f4pital sont coordonn\u00e9es par un comit\u00e9 directeur, pr\u00e9sid\u00e9 par le m\u00e9decin directeur de l\u2019h\u00f4pital. Les services organis\u00e9s sont\u00a0:<\/p>\n<ol>\n<li><strong> Services de base <\/strong><\/li>\n<\/ol>\n<ul>\n<li>La M\u00e9decine interne ;<\/li>\n<li>La p\u00e9diatrie ;<\/li>\n<li>La Gyn\u00e9co-obst\u00e9trique ;<\/li>\n<li>L\u2019Urgence.<\/li>\n<\/ul>\n<ol start=\"2\">\n<li><strong> Service de diagnostic<\/strong><\/li>\n<\/ol>\n<ul>\n<li>Le laboratoire.<\/li>\n<\/ul>\n<p>L\u2019imagerie m\u00e9dicale n\u2019est pas fonctionnelle. Les malades recourent \u00e0 l\u2019h\u00f4pital de Karawa \u00e0 28 km ou \u00e0 l\u2019h\u00f4pital de Gemena \u00e0 35 km en cas de n\u00e9cessit\u00e9.<\/p>\n<p>&nbsp;<\/p>\n","protected":false},"excerpt":{"rendered":"<p>L\u2019h\u00f4pital g\u00e9n\u00e9ral de Bominenge a \u00e9t\u00e9 cr\u00e9\u00e9 en 2004 apr\u00e8s la\u00a0 scission de la Zone de Sant\u00e9 de Karawa (en 3 zones) lors du red\u00e9coupage sanitaire. En 2006, le centre de sant\u00e9 de r\u00e9f\u00e9rence qui \u00e9tait coordonn\u00e9 par les religieuses de Pr\u00e9sentation Notre Dame \u00e9tait transform\u00e9 en HGR de r\u00e9f\u00e9rence apr\u00e8s session de sa gestion&#8230; <\/p>\n","protected":false},"author":1,"featured_media":0,"comment_status":"open","ping_status":"open","sticky":false,"template":"","format":"standard","meta":{"sfsi_plus_gutenberg_text_before_share":"","sfsi_plus_gutenberg_show_text_before_share":"","sfsi_plus_gutenberg_icon_type":"","sfsi_plus_gutenberg_icon_alignemt":"","sfsi_plus_gutenburg_max_per_row":"","footnotes":""},"categories":[9],"tags":[],"class_list":["post-290","post","type-post","status-publish","format-standard","hentry","category-membres"],"_links":{"self":[{"href":"https:\/\/ph-rdc.org\/index.php\/wp-json\/wp\/v2\/posts\/290","targetHints":{"allow":["GET"]}}],"collection":[{"href":"https:\/\/ph-rdc.org\/index.php\/wp-json\/wp\/v2\/posts"}],"about":[{"href":"https:\/\/ph-rdc.org\/index.php\/wp-json\/wp\/v2\/types\/post"}],"author":[{"embeddable":true,"href":"https:\/\/ph-rdc.org\/index.php\/wp-json\/wp\/v2\/users\/1"}],"replies":[{"embeddable":true,"href":"https:\/\/ph-rdc.org\/index.php\/wp-json\/wp\/v2\/comments?post=290"}],"version-history":[{"count":1,"href":"https:\/\/ph-rdc.org\/index.php\/wp-json\/wp\/v2\/posts\/290\/revisions"}],"predecessor-version":[{"id":291,"href":"https:\/\/ph-rdc.org\/index.php\/wp-json\/wp\/v2\/posts\/290\/revisions\/291"}],"wp:attachment":[{"href":"https:\/\/ph-rdc.org\/index.php\/wp-json\/wp\/v2\/media?parent=290"}],"wp:term":[{"taxonomy":"category","embeddable":true,"href":"https:\/\/ph-rdc.org\/index.php\/wp-json\/wp\/v2\/categories?post=290"},{"taxonomy":"post_tag","embeddable":true,"href":"https:\/\/ph-rdc.org\/index.php\/wp-json\/wp\/v2\/tags?post=290"}],"curies":[{"name":"wp","href":"https:\/\/api.w.org\/{rel}","templated":true}]}}